{"id":28174,"date":"2023-05-22T10:30:21","date_gmt":"2023-05-22T09:30:21","guid":{"rendered":"https:\/\/wetic.be\/?p=28174"},"modified":"2023-04-26T16:37:03","modified_gmt":"2023-04-26T15:37:03","slug":"evaluation-impact-competences-satisfaction","status":"publish","type":"post","link":"https:\/\/wetic.be\/en\/evaluation-impact-competences-satisfaction\/","title":{"rendered":"\u00c9valuer l&#8217;impact des formations sur les comp\u00e9tences et la satisfaction des clients"},"content":{"rendered":"<div class=\"vc_row wpb_row vc_row-fluid\"><div class=\"wpb_column vc_column_container vc_col-sm-12\"><div class=\"vc_column-inner\"><div class=\"wpb_wrapper\">\n\t<div class=\"wpb_text_column wpb_content_element\" >\n\t\t<div class=\"wpb_wrapper\">\n\t\t\t<p>Les formations sont un investissement important pour les entreprises, mais comment savoir si elles sont efficaces ? Il est crucial de mesurer l&#8217;impact des formations sur les comp\u00e9tences et la satisfaction des clients afin de s&#8217;assurer que l&#8217;investissement est rentable. Dans cet article, nous allons examiner les meilleures pratiques pour \u00e9valuer l&#8217;impact des formations et comment tirer le meilleur parti de vos investissements en formation.<\/p>\n\n\t\t<\/div>\n\t<\/div>\n<div class=\"vc_separator wpb_content_element vc_separator_align_center vc_sep_width_100 vc_sep_border_width_2 vc_sep_pos_align_center vc_separator_no_text vc_sep_color_grey\" ><span class=\"vc_sep_holder vc_sep_holder_l\"><span  class=\"vc_sep_line\"><\/span><\/span><span class=\"vc_sep_holder vc_sep_holder_r\"><span  class=\"vc_sep_line\"><\/span><\/span>\n<\/div>\n\t<div class=\"wpb_text_column wpb_content_element\" >\n\t\t<div class=\"wpb_wrapper\">\n\t\t\t<p>Cet article fait partie d&#8217;une s\u00e9rie d&#8217;articles qui traitent les probl\u00e8mes rencontr\u00e9s par les Conseiller(e)s En formation dans les centres de comp\u00e9tences en informatique;, dont voici l&#8217;index:<\/p>\n<ul>\n<li><a href=\"https:\/\/wetic.be\/en\/comment-determiner-les-besoins-en-formation-des-clients\/\">Probl\u00e8me 1: Identifier les besoins pr\u00e9cis de chaque client en mati\u00e8re de formation<\/a><\/li>\n<li><a href=\"https:\/\/wetic.be\/en\/formation-informatique-adaptee\/\">Probl\u00e8me 2: Trouver des formations de qualit\u00e9, adapt\u00e9es au budget et aux contraintes de temps<\/a><\/li>\n<li><a href=\"https:\/\/wetic.be\/en\/comment-surmonter-la-resistance-au-changement-en-formation\/\">Probl\u00e8me 3: Surmonter la r\u00e9sistance au changement de certains clients<\/a><\/li>\n<li><a href=\"https:\/\/wetic.be\/en\/gestion-temps-formation\/\">Probl\u00e8me 4: G\u00e9rer un emploi du temps charg\u00e9 tout en maintenant un \u00e9quilibre vie professionnelle et personnelle<\/a><\/li>\n<li><a href=\"https:\/\/wetic.be\/en\/formations-informatiques-innovantes\/\">Probl\u00e8me 5: Se tenir inform\u00e9e des derni\u00e8res tendances et innovations technologiques pour offrir les meilleures formations<\/a><\/li>\n<li><a href=\"https:\/\/wetic.be\/en\/convaincre-la-direction-investir-nouvelles-formations\/\">Probl\u00e8me 6: Convaincre la direction d&#8217;investir dans de nouvelles formations<\/a><\/li>\n<li><a href=\"http:\/\/wetic.be\/en\/sessions-de-formation-efficaces\/\">Probl\u00e8me 7: Coordonner et organiser les sessions de formation pour un maximum d&#8217;efficacit\u00e9<\/a><\/li>\n<li><strong>Probl\u00e8me 8: \u00c9valuer l&#8217;impact des formations sur les comp\u00e9tences et la satisfaction des clients<\/strong><\/li>\n<li><a href=\"https:\/\/wetic.be\/en\/fideliser-les-clients-et-etablir-une-relation-de-confiance\/\">Probl\u00e8me 9: Fid\u00e9liser les clients et \u00e9tablir une relation de confiance<\/a><\/li>\n<li><a href=\"https:\/\/wetic.be\/en\/adapter-son-discours-clients\/\">Probl\u00e8me 10: Adapter son discours et ses recommandations aux diff\u00e9rents profils de clients<\/a><\/li>\n<\/ul>\n\n\t\t<\/div>\n\t<\/div>\n<div class=\"vc_separator wpb_content_element vc_separator_align_center vc_sep_width_100 vc_sep_border_width_2 vc_sep_pos_align_center vc_separator_no_text vc_sep_color_grey\" ><span class=\"vc_sep_holder vc_sep_holder_l\"><span  class=\"vc_sep_line\"><\/span><\/span><span class=\"vc_sep_holder vc_sep_holder_r\"><span  class=\"vc_sep_line\"><\/span><\/span>\n<\/div><\/div><\/div><\/div><\/div><div class=\"vc_row wpb_row vc_row-fluid\"><div class=\"wpb_column vc_column_container vc_col-sm-12\"><div class=\"vc_column-inner\"><div class=\"wpb_wrapper\"><\/div><\/div><\/div><\/div><div class=\"vc_row wpb_row vc_row-fluid\"><div class=\"wpb_column vc_column_container vc_col-sm-12\"><div class=\"vc_column-inner\"><div class=\"wpb_wrapper\"><div id=\"ez-toc-container\" class=\"ez-toc-v2_0_46 counter-hierarchy ez-toc-counter ez-toc-grey ez-toc-container-direction\">\n<div class=\"ez-toc-title-container\">\n<p class=\"ez-toc-title\" data-no-translation=\"\" data-trp-gettext=\"\">Table des mati&egrave;res<\/p>\n<span class=\"ez-toc-title-toggle\"><a href=\"#\" class=\"ez-toc-pull-right ez-toc-btn ez-toc-btn-xs ez-toc-btn-default ez-toc-toggle\" aria-label=\"ez-toc-toggle-icon-1\"><label for=\"item-69f5affe94321\" aria-label=\"Table of Content\" data-no-translation-aria-label=\"\"><span style=\"display: flex;align-items: center;width: 35px;height: 30px;justify-content: center;direction:ltr;\"><svg style=\"fill: #999;color:#999\" xmlns=\"http:\/\/www.w3.org\/2000\/svg\" class=\"list-377408\" width=\"20px\" height=\"20px\" viewbox=\"0 0 24 24\" fill=\"none\"><path d=\"M6 6H4v2h2V6zm14 0H8v2h12V6zM4 11h2v2H4v-2zm16 0H8v2h12v-2zM4 16h2v2H4v-2zm16 0H8v2h12v-2z\" fill=\"currentColor\"><\/path><\/svg><svg style=\"fill: #999;color:#999\" class=\"arrow-unsorted-368013\" xmlns=\"http:\/\/www.w3.org\/2000\/svg\" width=\"10px\" height=\"10px\" viewbox=\"0 0 24 24\" version=\"1.2\" baseprofile=\"tiny\"><path d=\"M18.2 9.3l-6.2-6.3-6.2 6.3c-.2.2-.3.4-.3.7s.1.5.3.7c.2.2.4.3.7.3h11c.3 0 .5-.1.7-.3.2-.2.3-.5.3-.7s-.1-.5-.3-.7zM5.8 14.7l6.2 6.3 6.2-6.3c.2-.2.3-.5.3-.7s-.1-.5-.3-.7c-.2-.2-.4-.3-.7-.3h-11c-.3 0-.5.1-.7.3-.2.2-.3.5-.3.7s.1.5.3.7z\"\/><\/svg><\/span><\/label><input  type=\"checkbox\" id=\"item-69f5affe94321\"><\/a><\/span><\/div>\n<nav><ul class='ez-toc-list ez-toc-list-level-1' ><li class='ez-toc-page-1 ez-toc-heading-level-3'><a class=\"ez-toc-link ez-toc-heading-1\" href=\"https:\/\/wetic.be\/en\/evaluation-impact-competences-satisfaction\/#Comment_planifier_efficacement_les_sessions_de_formation\" title=\"Comment planifier efficacement les sessions de formation\">Comment planifier efficacement les sessions de formation<\/a><\/li><li class='ez-toc-page-1 ez-toc-heading-level-3'><a class=\"ez-toc-link ez-toc-heading-2\" href=\"https:\/\/wetic.be\/en\/evaluation-impact-competences-satisfaction\/#Les_outils_de_gestion_de_projet_pour_optimiser_lorganisation_des_formations\" title=\"Les outils de gestion de projet pour optimiser l&#8217;organisation des formations\">Les outils de gestion de projet pour optimiser l&#8217;organisation des formations<\/a><\/li><li class='ez-toc-page-1 ez-toc-heading-level-3'><a class=\"ez-toc-link ez-toc-heading-3\" href=\"https:\/\/wetic.be\/en\/evaluation-impact-competences-satisfaction\/#La_gestion_des_ressources_humaines_et_materielles_lors_des_formations\" title=\"La gestion des ressources humaines et mat\u00e9rielles lors des formations\">La gestion des ressources humaines et mat\u00e9rielles lors des formations<\/a><\/li><li class='ez-toc-page-1 ez-toc-heading-level-3'><a class=\"ez-toc-link ez-toc-heading-4\" href=\"https:\/\/wetic.be\/en\/evaluation-impact-competences-satisfaction\/#Les_bonnes_pratiques_pour_une_communication_efficace_avec_les_formateurs_et_les_participants\" title=\"Les bonnes pratiques pour une communication efficace avec les formateurs et les participants\">Les bonnes pratiques pour une communication efficace avec les formateurs et les participants<\/a><\/li><li class='ez-toc-page-1 ez-toc-heading-level-3'><a class=\"ez-toc-link ez-toc-heading-5\" href=\"https:\/\/wetic.be\/en\/evaluation-impact-competences-satisfaction\/#Les_erreurs_a_eviter_dans_lorganisation_des_sessions_de_formation\" title=\"Les erreurs \u00e0 \u00e9viter dans l&#8217;organisation des sessions de formation\">Les erreurs \u00e0 \u00e9viter dans l&#8217;organisation des sessions de formation<\/a><\/li><li class='ez-toc-page-1 ez-toc-heading-level-3'><a class=\"ez-toc-link ez-toc-heading-6\" href=\"https:\/\/wetic.be\/en\/evaluation-impact-competences-satisfaction\/#Conclusion\" title=\"Conclusion\">Conclusion<\/a><\/li><li class='ez-toc-page-1 ez-toc-heading-level-3'><a class=\"ez-toc-link ez-toc-heading-7\" href=\"https:\/\/wetic.be\/en\/evaluation-impact-competences-satisfaction\/#FAQ\" title=\"FAQ\">FAQ<\/a><ul class='ez-toc-list-level-4'><li class='ez-toc-heading-level-4'><a class=\"ez-toc-link ez-toc-heading-8\" href=\"https:\/\/wetic.be\/en\/evaluation-impact-competences-satisfaction\/#Comment_evaluer_limpact_des_formations_sur_les_competences_des_clients\" title=\"Comment \u00e9valuer l&#039;impact des formations sur les comp\u00e9tences des clients ?\">Comment \u00e9valuer l&#039;impact des formations sur les comp\u00e9tences des clients ?<\/a><\/li><li class='ez-toc-page-1 ez-toc-heading-level-4'><a class=\"ez-toc-link ez-toc-heading-9\" href=\"https:\/\/wetic.be\/en\/evaluation-impact-competences-satisfaction\/#Comment_evaluer_limpact_des_formations_sur_la_satisfaction_des_clients\" title=\"Comment \u00e9valuer l&#039;impact des formations sur la satisfaction des clients ?\">Comment \u00e9valuer l&#039;impact des formations sur la satisfaction des clients ?<\/a><\/li><li class='ez-toc-page-1 ez-toc-heading-level-4'><a class=\"ez-toc-link ez-toc-heading-10\" href=\"https:\/\/wetic.be\/en\/evaluation-impact-competences-satisfaction\/#Comment_gerer_efficacement_les_ressources_humaines_et_materielles_lors_des_formations\" title=\"Comment g\u00e9rer efficacement les ressources humaines et mat\u00e9rielles lors des formations ?\">Comment g\u00e9rer efficacement les ressources humaines et mat\u00e9rielles lors des formations ?<\/a><\/li><li class='ez-toc-page-1 ez-toc-heading-level-4'><a class=\"ez-toc-link ez-toc-heading-11\" href=\"https:\/\/wetic.be\/en\/evaluation-impact-competences-satisfaction\/#Comment_communiquer_efficacement_avec_les_formateurs_et_les_participants_lors_des_sessions_de_formation\" title=\"Comment communiquer efficacement avec les formateurs et les participants lors des sessions de formation ?\">Comment communiquer efficacement avec les formateurs et les participants lors des sessions de formation ?<\/a><\/li><li class='ez-toc-page-1 ez-toc-heading-level-4'><a class=\"ez-toc-link ez-toc-heading-12\" href=\"https:\/\/wetic.be\/en\/evaluation-impact-competences-satisfaction\/#Quelles_sont_les_erreurs_courantes_a_eviter_dans_lorganisation_des_sessions_de_formation\" title=\"Quelles sont les erreurs courantes \u00e0 \u00e9viter dans l&#039;organisation des sessions de formation ?\">Quelles sont les erreurs courantes \u00e0 \u00e9viter dans l&#039;organisation des sessions de formation ?<\/a><\/li><\/ul><\/li><\/ul><\/nav><\/div>\n<h3 style=\"text-align: left\" class=\"vc_custom_heading\" ><span class=\"ez-toc-section\" id=\"Comment_planifier_efficacement_les_sessions_de_formation\"><\/span>Comment planifier efficacement les sessions de formation<span class=\"ez-toc-section-end\"><\/span><\/h3>\n\t<div class=\"wpb_text_column wpb_content_element\" >\n\t\t<div class=\"wpb_wrapper\">\n\t\t\t<p>La planification est essentielle pour assurer le succ\u00e8s de vos sessions de formation. Voici quelques conseils pour vous aider \u00e0 planifier efficacement vos sessions de formation :<\/p>\n<ul>\n<li>D\u00e9finissez des objectifs clairs et mesurables pour la formation.<\/li>\n<li>\u00c9tablissez un calendrier r\u00e9aliste pour la formation.<\/li>\n<li>D\u00e9terminez les besoins en mati\u00e8re de ressources humaines et mat\u00e9rielles.<\/li>\n<li>\u00c9tablissez un budget r\u00e9aliste pour la formation.<\/li>\n<\/ul>\n\n\t\t<\/div>\n\t<\/div>\n<\/div><\/div><\/div><\/div><div class=\"vc_row wpb_row vc_row-fluid\"><div class=\"wpb_column vc_column_container vc_col-sm-12\"><div class=\"vc_column-inner\"><div class=\"wpb_wrapper\"><h3 style=\"text-align: left\" class=\"vc_custom_heading\" ><span class=\"ez-toc-section\" id=\"Les_outils_de_gestion_de_projet_pour_optimiser_lorganisation_des_formations\"><\/span>Les outils de gestion de projet pour optimiser l&#8217;organisation des formations<span class=\"ez-toc-section-end\"><\/span><\/h3>\n\t<div class=\"wpb_text_column wpb_content_element\" >\n\t\t<div class=\"wpb_wrapper\">\n\t\t\t<p>La gestion de projet peut vous aider \u00e0 optimiser l&#8217;organisation de vos formations. Voici quelques outils de gestion de projet que vous pouvez utiliser pour optimiser l&#8217;organisation de vos formations :<\/p>\n<ul>\n<li>Trello<\/li>\n<li>Asana<\/li>\n<li>Monday.com<\/li>\n<\/ul>\n\n\t\t<\/div>\n\t<\/div>\n<\/div><\/div><\/div><\/div><div class=\"vc_row wpb_row vc_row-fluid\"><div class=\"wpb_column vc_column_container vc_col-sm-12\"><div class=\"vc_column-inner\"><div class=\"wpb_wrapper\"><h3 style=\"text-align: left\" class=\"vc_custom_heading\" ><span class=\"ez-toc-section\" id=\"La_gestion_des_ressources_humaines_et_materielles_lors_des_formations\"><\/span>La gestion des ressources humaines et mat\u00e9rielles lors des formations<span class=\"ez-toc-section-end\"><\/span><\/h3>\n\t<div class=\"wpb_text_column wpb_content_element\" >\n\t\t<div class=\"wpb_wrapper\">\n\t\t\t<p>La gestion des ressources humaines et mat\u00e9rielles est cruciale pour le succ\u00e8s de vos sessions de formation. Voici quelques conseils pour vous aider \u00e0 g\u00e9rer efficacement les ressources humaines et mat\u00e9rielles lors des formations :<\/p>\n<ul>\n<li>Assurez-vous que vous disposez des ressources n\u00e9cessaires pour la formation.<\/li>\n<li>D\u00e9terminez le nombre de formateurs dont vous avez besoin.<\/li>\n<li>Assurez-vous que le mat\u00e9riel est disponible et en bon \u00e9tat.<\/li>\n<\/ul>\n\n\t\t<\/div>\n\t<\/div>\n<\/div><\/div><\/div><\/div><div class=\"vc_row wpb_row vc_row-fluid\"><div class=\"wpb_column vc_column_container vc_col-sm-12\"><div class=\"vc_column-inner\"><div class=\"wpb_wrapper\"><h3 style=\"text-align: left\" class=\"vc_custom_heading\" ><span class=\"ez-toc-section\" id=\"Les_bonnes_pratiques_pour_une_communication_efficace_avec_les_formateurs_et_les_participants\"><\/span>Les bonnes pratiques pour une communication efficace avec les formateurs et les participants<span class=\"ez-toc-section-end\"><\/span><\/h3>\n\t<div class=\"wpb_text_column wpb_content_element\" >\n\t\t<div class=\"wpb_wrapper\">\n\t\t\t<p>La communication est essentielle pour assurer le succ\u00e8s de vos sessions de formation. Voici quelques bonnes pratiques pour une communication efficace avec les formateurs et les participants :<\/p>\n<ul>\n<li>Utilisez une plateforme de communication en ligne pour faciliter la communication.<\/li>\n<li>Assurez-vous que tous les participants ont acc\u00e8s \u00e0 l&#8217;information pertinente.<\/li>\n<li>Assurez-vous que les formateurs ont toutes les informations dont ils ont besoin.<\/li>\n<\/ul>\n\n\t\t<\/div>\n\t<\/div>\n<\/div><\/div><\/div><\/div><div class=\"vc_row wpb_row vc_row-fluid\"><div class=\"wpb_column vc_column_container vc_col-sm-12\"><div class=\"vc_column-inner\"><div class=\"wpb_wrapper\"><h3 style=\"text-align: left\" class=\"vc_custom_heading\" ><span class=\"ez-toc-section\" id=\"Les_erreurs_a_eviter_dans_lorganisation_des_sessions_de_formation\"><\/span>Les erreurs \u00e0 \u00e9viter dans l&#8217;organisation des sessions de formation<span class=\"ez-toc-section-end\"><\/span><\/h3>\n\t<div class=\"wpb_text_column wpb_content_element\" >\n\t\t<div class=\"wpb_wrapper\">\n\t\t\t<p>Il est important d&#8217;\u00e9viter certaines erreurs lors de l&#8217;organisation de vos sessions de formation pour garantir leur succ\u00e8s. Voici quelques erreurs courantes \u00e0 \u00e9viter :<\/p>\n<ul>\n<li>Ne pas d\u00e9finir des objectifs clairs et mesurables.<\/li>\n<li>Ne pas pr\u00e9voir suffisamment de temps pour la planification de la formation.<\/li>\n<li>Ne pas affecter suffisamment de ressources humaines et mat\u00e9rielles \u00e0 la formation.<\/li>\n<\/ul>\n\n\t\t<\/div>\n\t<\/div>\n<\/div><\/div><\/div><\/div><div class=\"vc_row wpb_row vc_row-fluid\"><div class=\"wpb_column vc_column_container vc_col-sm-12\"><div class=\"vc_column-inner\"><div class=\"wpb_wrapper\"><h3 style=\"text-align: left\" class=\"vc_custom_heading\" ><span class=\"ez-toc-section\" id=\"Conclusion\"><\/span>Conclusion<span class=\"ez-toc-section-end\"><\/span><\/h3>\n\t<div class=\"wpb_text_column wpb_content_element\" >\n\t\t<div class=\"wpb_wrapper\">\n\t\t\t<p>\u00c9valuer l&#8217;impact des formations sur les comp\u00e9tences et la satisfaction des clients est un processus essentiel pour toute entreprise qui souhaite maintenir une qualit\u00e9 de service \u00e9lev\u00e9e et rester comp\u00e9titive sur le march\u00e9. En planifiant efficacement les sessions de formation, en utilisant les bons outils de gestion de projet, en g\u00e9rant les ressources humaines et mat\u00e9rielles avec soin, en communiquant efficacement avec les formateurs et les participants, et en \u00e9vitant les erreurs courantes, une entreprise peut s&#8217;assurer que ses formations ont un impact positif sur les comp\u00e9tences et la satisfaction des clients.<\/p>\n\n\t\t<\/div>\n\t<\/div>\n<\/div><\/div><\/div><\/div><div class=\"vc_row wpb_row vc_row-fluid\"><div class=\"wpb_column vc_column_container vc_col-sm-12\"><div class=\"vc_column-inner\"><div class=\"wpb_wrapper\"><h3 style=\"text-align: left\" class=\"vc_custom_heading\" ><span class=\"ez-toc-section\" id=\"FAQ\"><\/span>FAQ<span class=\"ez-toc-section-end\"><\/span><\/h3><div  class=\"vc_toggle vc_toggle_default vc_toggle_color_default  vc_toggle_size_md\"><div class=\"vc_toggle_title\"><h4><span class=\"ez-toc-section\" id=\"Comment_evaluer_limpact_des_formations_sur_les_competences_des_clients\"><\/span>Comment \u00e9valuer l&#039;impact des formations sur les comp\u00e9tences des clients ?<span class=\"ez-toc-section-end\"><\/span><\/h4><i class=\"vc_toggle_icon\"><\/i><\/div><div class=\"vc_toggle_content\"><p>Il existe plusieurs m\u00e9thodes pour \u00e9valuer l&#8217;impact des formations sur les comp\u00e9tences des clients, notamment les tests pr\u00e9- et post-formation, les enqu\u00eates de satisfaction des clients, les \u00e9valuations des superviseurs et les analyses de performance.<\/p>\n<\/div><\/div><div  class=\"vc_toggle vc_toggle_default vc_toggle_color_default  vc_toggle_size_md\"><div class=\"vc_toggle_title\"><h4><span class=\"ez-toc-section\" id=\"Comment_evaluer_limpact_des_formations_sur_la_satisfaction_des_clients\"><\/span>Comment \u00e9valuer l&#039;impact des formations sur la satisfaction des clients ?<span class=\"ez-toc-section-end\"><\/span><\/h4><i class=\"vc_toggle_icon\"><\/i><\/div><div class=\"vc_toggle_content\"><p>L&#8217;\u00e9valuation de la satisfaction des clients peut \u00eatre effectu\u00e9e \u00e0 l&#8217;aide d&#8217;enqu\u00eates post-formation, de l&#8217;analyse des commentaires et des retours d&#8217;exp\u00e9rience, et de la mesure des indicateurs cl\u00e9s de performance, tels que le taux de r\u00e9tention des clients et le taux de conversion.<\/p>\n<\/div><\/div><div  class=\"vc_toggle vc_toggle_default vc_toggle_color_default  vc_toggle_size_md\"><div class=\"vc_toggle_title\"><h4><span class=\"ez-toc-section\" id=\"Comment_gerer_efficacement_les_ressources_humaines_et_materielles_lors_des_formations\"><\/span>Comment g\u00e9rer efficacement les ressources humaines et mat\u00e9rielles lors des formations ?<span class=\"ez-toc-section-end\"><\/span><\/h4><i class=\"vc_toggle_icon\"><\/i><\/div><div class=\"vc_toggle_content\"><p>La gestion efficace des ressources humaines et mat\u00e9rielles lors des formations n\u00e9cessite une planification minutieuse, une communication claire, une coordination \u00e9troite entre les diff\u00e9rents intervenants et une surveillance constante de l&#8217;utilisation des ressources. Il est \u00e9galement important d&#8217;avoir des proc\u00e9dures de secours en place en cas de probl\u00e8mes techniques ou de personnel.<\/p>\n<\/div><\/div><div  class=\"vc_toggle vc_toggle_default vc_toggle_color_default  vc_toggle_size_md\"><div class=\"vc_toggle_title\"><h4><span class=\"ez-toc-section\" id=\"Comment_communiquer_efficacement_avec_les_formateurs_et_les_participants_lors_des_sessions_de_formation\"><\/span>Comment communiquer efficacement avec les formateurs et les participants lors des sessions de formation ?<span class=\"ez-toc-section-end\"><\/span><\/h4><i class=\"vc_toggle_icon\"><\/i><\/div><div class=\"vc_toggle_content\"><p>Une communication efficace avec les formateurs et les participants n\u00e9cessite une planification et une coordination minutieuses, une communication claire et directe, des canaux de communication clairement d\u00e9finis, une r\u00e9ponse rapide aux questions et aux pr\u00e9occupations, et une surveillance r\u00e9guli\u00e8re de la satisfaction des participants.<\/p>\n<\/div><\/div><div  class=\"vc_toggle vc_toggle_default vc_toggle_color_default  vc_toggle_size_md\"><div class=\"vc_toggle_title\"><h4><span class=\"ez-toc-section\" id=\"Quelles_sont_les_erreurs_courantes_a_eviter_dans_lorganisation_des_sessions_de_formation\"><\/span>Quelles sont les erreurs courantes \u00e0 \u00e9viter dans l&#039;organisation des sessions de formation ?<span class=\"ez-toc-section-end\"><\/span><\/h4><i class=\"vc_toggle_icon\"><\/i><\/div><div class=\"vc_toggle_content\"><p>Les erreurs courantes \u00e0 \u00e9viter dans l&#8217;organisation des sessions de formation comprennent une planification inad\u00e9quate, une mauvaise gestion des ressources humaines et mat\u00e9rielles, une communication inefficace, une \u00e9valuation inad\u00e9quate de l&#8217;impact des formations et une absence de suivi et de r\u00e9troaction r\u00e9guliers.<\/p>\n<\/div><\/div><\/div><\/div><\/div><\/div><div class=\"vc_row wpb_row vc_row-fluid\"><div class=\"wpb_column vc_column_container vc_col-sm-12\"><div class=\"vc_column-inner\"><div class=\"wpb_wrapper\">\n\t<div class=\"wpb_text_column wpb_content_element\" >\n\t\t<div class=\"wpb_wrapper\">\n\t\t\t<p>Besoin d&#8217;une mont\u00e9e en comp\u00e9tence \u00e0 ce sujet ?<br \/>\nR\u00e9servez votre Coaching gratuit en <a class=\"c-link\" href=\"https:\/\/bit.ly\/3C5RoBR\" target=\"_blank\" rel=\"noopener noreferrer\" data-stringify-link=\"https:\/\/wetic.be\/rdv\/\" data-sk=\"tooltip_parent\" data-remove-tab-index=\"true\">Cliquez<\/a><a class=\"c-link\" href=\"https:\/\/wetic.be\/en\/rdv\/\" target=\"_blank\" rel=\"noopener noreferrer\" data-stringify-link=\"https:\/\/bit.ly\/3C5RoBR\" data-sk=\"tooltip_parent\" data-remove-tab-index=\"true\">\u00a0Ici<\/a>. \u00e7a ne vous co\u00fbte rien.<\/p>\n<p>Vous \u00eates un centre de comp\u00e9tences<br \/>\nContactez nous sur: contact@digiar.be \/ +32 497 722 741<\/p>\n\n\t\t<\/div>\n\t<\/div>\n<\/div><\/div><\/div><\/div>","protected":false},"excerpt":{"rendered":"Les formations sont un investissement important pour les entreprises, mais comment savoir si elles sont efficaces ? Il est crucial...","protected":false},"author":348,"featured_media":28175,"comment_status":"closed","ping_status":"open","sticky":false,"template":"","format":"standard","meta":{"om_disable_all_campaigns":false,"_monsterinsights_skip_tracking":false,"_monsterinsights_sitenote_active":false,"_monsterinsights_sitenote_note":"","_monsterinsights_sitenote_category":0},"categories":[855],"tags":[658,377,633,660,634,655,656,662,657,661,637],"yoast_head":"<!-- This site is optimized with the Yoast SEO plugin v18.4.1 - https:\/\/yoast.com\/wordpress\/plugins\/seo\/ -->\n<title>\u00c9valuer l&#039;impact des formations sur les comp\u00e9tences et la satisfaction<\/title>\n<meta name=\"description\" content=\"D\u00e9couvrez comment \u00e9valuer l&#039;impact des formations sur les comp\u00e9tences et la satisfaction des clients. Des conseils pratiques pour planifier efficacement les sessions, utiliser les outils de gestion de projet, g\u00e9rer les ressources et communiquer efficacement avec les formateurs et les participants.\" \/>\n<meta name=\"robots\" content=\"index, follow, max-snippet:-1, max-image-preview:large, max-video-preview:-1\" \/>\n<link rel=\"canonical\" href=\"https:\/\/wetic.be\/en\/evaluation-impact-competences-satisfaction\/\" \/>\n<meta property=\"og:locale\" content=\"en_US\" \/>\n<meta property=\"og:type\" content=\"article\" \/>\n<meta property=\"og:title\" content=\"\u00c9valuer l&#039;impact des formations sur les comp\u00e9tences et la satisfaction\" \/>\n<meta property=\"og:description\" content=\"D\u00e9couvrez comment \u00e9valuer l&#039;impact des formations sur les comp\u00e9tences et la satisfaction des clients. Des conseils pratiques pour planifier efficacement les sessions, utiliser les outils de gestion de projet, g\u00e9rer les ressources et communiquer efficacement avec les formateurs et les participants.\" \/>\n<meta property=\"og:url\" content=\"https:\/\/wetic.be\/en\/evaluation-impact-competences-satisfaction\/\" \/>\n<meta property=\"og:site_name\" content=\"Wetic | Formations IT\" \/>\n<meta property=\"article:published_time\" content=\"2023-05-22T09:30:21+00:00\" \/>\n<meta property=\"article:modified_time\" content=\"2023-04-26T15:37:03+00:00\" \/>\n<meta property=\"og:image\" content=\"https:\/\/wetic.be\/wp-content\/uploads\/2023\/04\/SITE-Evaluer-limpact-des-formations-sur-les-competences-et-la-satisfaction-des-clients.jpg\" \/>\n\t<meta property=\"og:image:width\" content=\"1920\" \/>\n\t<meta property=\"og:image:height\" content=\"1080\" \/>\n\t<meta property=\"og:image:type\" content=\"image\/jpeg\" \/>\n<meta name=\"twitter:card\" content=\"summary_large_image\" \/>\n<meta name=\"twitter:label1\" content=\"Written by\" \/>\n\t<meta name=\"twitter:data1\" content=\"top1\" \/>\n\t<meta name=\"twitter:label2\" content=\"Est. reading time\" \/>\n\t<meta name=\"twitter:data2\" content=\"5 minutes\" \/>\n<!-- \/ Yoast SEO plugin. -->","yoast_head_json":{"title":"\u00c9valuer l'impact des formations sur les comp\u00e9tences et la satisfaction","description":"D\u00e9couvrez comment \u00e9valuer l'impact des formations sur les comp\u00e9tences et la satisfaction des clients. Des conseils pratiques pour planifier efficacement les sessions, utiliser les outils de gestion de projet, g\u00e9rer les ressources et communiquer efficacement avec les formateurs et les participants.","robots":{"index":"index","follow":"follow","max-snippet":"max-snippet:-1","max-image-preview":"max-image-preview:large","max-video-preview":"max-video-preview:-1"},"canonical":"https:\/\/wetic.be\/en\/evaluation-impact-competences-satisfaction\/","og_locale":"en_US","og_type":"article","og_title":"\u00c9valuer l'impact des formations sur les comp\u00e9tences et la satisfaction","og_description":"D\u00e9couvrez comment \u00e9valuer l'impact des formations sur les comp\u00e9tences et la satisfaction des clients. Des conseils pratiques pour planifier efficacement les sessions, utiliser les outils de gestion de projet, g\u00e9rer les ressources et communiquer efficacement avec les formateurs et les participants.","og_url":"https:\/\/wetic.be\/en\/evaluation-impact-competences-satisfaction\/","og_site_name":"Wetic | Formations IT","article_published_time":"2023-05-22T09:30:21+00:00","article_modified_time":"2023-04-26T15:37:03+00:00","og_image":[{"width":1920,"height":1080,"url":"https:\/\/wetic.be\/wp-content\/uploads\/2023\/04\/SITE-Evaluer-limpact-des-formations-sur-les-competences-et-la-satisfaction-des-clients.jpg","type":"image\/jpeg"}],"twitter_card":"summary_large_image","twitter_misc":{"Written by":"top1","Est. reading time":"5 minutes"},"schema":{"@context":"https:\/\/schema.org","@graph":[{"@type":"WebSite","@id":"https:\/\/wetic.be\/#website","url":"https:\/\/wetic.be\/","name":"Wetic | Formations IT","description":"Nous pratiques quotidiennement ce que nous proposons comme formations.","potentialAction":[{"@type":"SearchAction","target":{"@type":"EntryPoint","urlTemplate":"https:\/\/wetic.be\/?s={search_term_string}"},"query-input":"required name=search_term_string"}],"inLanguage":"en-US"},{"@type":"ImageObject","@id":"https:\/\/wetic.be\/evaluation-impact-competences-satisfaction\/#primaryimage","inLanguage":"en-US","url":"https:\/\/wetic.be\/wp-content\/uploads\/2023\/04\/SITE-Evaluer-limpact-des-formations-sur-les-competences-et-la-satisfaction-des-clients.jpg","contentUrl":"https:\/\/wetic.be\/wp-content\/uploads\/2023\/04\/SITE-Evaluer-limpact-des-formations-sur-les-competences-et-la-satisfaction-des-clients.jpg","width":1920,"height":1080,"caption":"impact des formations"},{"@type":"WebPage","@id":"https:\/\/wetic.be\/evaluation-impact-competences-satisfaction\/#webpage","url":"https:\/\/wetic.be\/evaluation-impact-competences-satisfaction\/","name":"\u00c9valuer l'impact des formations sur les comp\u00e9tences et la satisfaction","isPartOf":{"@id":"https:\/\/wetic.be\/#website"},"primaryImageOfPage":{"@id":"https:\/\/wetic.be\/evaluation-impact-competences-satisfaction\/#primaryimage"},"datePublished":"2023-05-22T09:30:21+00:00","dateModified":"2023-04-26T15:37:03+00:00","author":{"@id":"https:\/\/wetic.be\/#\/schema\/person\/b2c305c1a4b1b2c656fa4d160cd6d9b1"},"description":"D\u00e9couvrez comment \u00e9valuer l'impact des formations sur les comp\u00e9tences et la satisfaction des clients. Des conseils pratiques pour planifier efficacement les sessions, utiliser les outils de gestion de projet, g\u00e9rer les ressources et communiquer efficacement avec les formateurs et les participants.","breadcrumb":{"@id":"https:\/\/wetic.be\/evaluation-impact-competences-satisfaction\/#breadcrumb"},"inLanguage":"en-US","potentialAction":[{"@type":"ReadAction","target":["https:\/\/wetic.be\/evaluation-impact-competences-satisfaction\/"]}]},{"@type":"BreadcrumbList","@id":"https:\/\/wetic.be\/evaluation-impact-competences-satisfaction\/#breadcrumb","itemListElement":[{"@type":"ListItem","position":1,"name":"Home","item":"https:\/\/wetic.be\/"},{"@type":"ListItem","position":2,"name":"\u00c9valuer l&#8217;impact des formations sur les comp\u00e9tences et la satisfaction des clients"}]},{"@type":"Person","@id":"https:\/\/wetic.be\/#\/schema\/person\/b2c305c1a4b1b2c656fa4d160cd6d9b1","name":"top1","image":{"@type":"ImageObject","@id":"https:\/\/wetic.be\/#personlogo","inLanguage":"en-US","url":"https:\/\/secure.gravatar.com\/avatar\/a9f1fd9bc9ecd7dfea5de977b58bde48?s=96&d=mm&r=g","contentUrl":"https:\/\/secure.gravatar.com\/avatar\/a9f1fd9bc9ecd7dfea5de977b58bde48?s=96&d=mm&r=g","caption":"top1"},"url":"https:\/\/wetic.be\/en\/author\/top1-wetic\/"}]}},"amp_enabled":true,"_links":{"self":[{"href":"https:\/\/wetic.be\/en\/wp-json\/wp\/v2\/posts\/28174"}],"collection":[{"href":"https:\/\/wetic.be\/en\/wp-json\/wp\/v2\/posts"}],"about":[{"href":"https:\/\/wetic.be\/en\/wp-json\/wp\/v2\/types\/post"}],"author":[{"embeddable":true,"href":"https:\/\/wetic.be\/en\/wp-json\/wp\/v2\/users\/348"}],"replies":[{"embeddable":true,"href":"https:\/\/wetic.be\/en\/wp-json\/wp\/v2\/comments?post=28174"}],"version-history":[{"count":4,"href":"https:\/\/wetic.be\/en\/wp-json\/wp\/v2\/posts\/28174\/revisions"}],"predecessor-version":[{"id":28568,"href":"https:\/\/wetic.be\/en\/wp-json\/wp\/v2\/posts\/28174\/revisions\/28568"}],"wp:featuredmedia":[{"embeddable":true,"href":"https:\/\/wetic.be\/en\/wp-json\/wp\/v2\/media\/28175"}],"wp:attachment":[{"href":"https:\/\/wetic.be\/en\/wp-json\/wp\/v2\/media?parent=28174"}],"wp:term":[{"taxonomy":"category","embeddable":true,"href":"https:\/\/wetic.be\/en\/wp-json\/wp\/v2\/categories?post=28174"},{"taxonomy":"post_tag","embeddable":true,"href":"https:\/\/wetic.be\/en\/wp-json\/wp\/v2\/tags?post=28174"}],"curies":[{"name":"wp","href":"https:\/\/api.w.org\/{rel}","templated":true}]}}